{"id":2917,"date":"2024-04-25T08:00:00","date_gmt":"2024-04-25T06:00:00","guid":{"rendered":"https:\/\/www.ancravigliano.it\/?p=2917"},"modified":"2024-04-24T11:55:35","modified_gmt":"2024-04-24T09:55:35","slug":"25-aprile-la-luce-della-liberazione","status":"publish","type":"post","link":"https:\/\/www.ancravigliano.it\/index.php\/2024\/04\/25\/25-aprile-la-luce-della-liberazione\/","title":{"rendered":"25 Aprile: La Luce della Liberazione"},"content":{"rendered":"\t\t<div data-elementor-type=\"wp-post\" data-elementor-id=\"2917\" class=\"elementor elementor-2917\">\n\t\t\t\t<div class=\"elementor-element elementor-element-41e6566a e-flex e-con-boxed e-con e-parent\" data-id=\"41e6566a\" data-element_type=\"container\" data-e-type=\"container\">\n\t\t\t\t\t<div class=\"e-con-inner\">\n\t\t\t\t<div class=\"elementor-element elementor-element-471732a elementor-widget elementor-widget-image\" data-id=\"471732a\" data-element_type=\"widget\" data-e-type=\"widget\" data-widget_type=\"image.default\">\n\t\t\t\t<div class=\"elementor-widget-container\">\n\t\t\t\t\t\t\t\t\t\t\t\t\t\t\t<img fetchpriority=\"high\" decoding=\"async\" width=\"474\" height=\"284\" src=\"https:\/\/www.ancravigliano.it\/wp-content\/uploads\/2024\/04\/OIP.jpg\" class=\"attachment-large size-large wp-image-2921\" alt=\"\" srcset=\"https:\/\/www.ancravigliano.it\/wp-content\/uploads\/2024\/04\/OIP.jpg 474w, https:\/\/www.ancravigliano.it\/wp-content\/uploads\/2024\/04\/OIP-300x180.jpg 300w\" sizes=\"(max-width: 474px) 100vw, 474px\" \/>\t\t\t\t\t\t\t\t\t\t\t\t\t\t\t<\/div>\n\t\t\t\t<\/div>\n\t\t\t\t<div class=\"elementor-element elementor-element-7108aa1 elementor-widget elementor-widget-text-editor\" data-id=\"7108aa1\" data-element_type=\"widget\" data-e-type=\"widget\" data-widget_type=\"text-editor.default\">\n\t\t\t\t<div class=\"elementor-widget-container\">\n\t\t\t\t\t\t\t\t\t\n<p>L\u2019<strong>anniversario della liberazione d\u2019Italia<\/strong>, noto anche come <strong>festa della Liberazione<\/strong> (o semplicemente il <strong>25 aprile<\/strong>), \u00e8 una festa nazionale della <strong>Repubblica Italiana<\/strong>. Si celebra ogni <strong>25 aprile<\/strong> per commemorare la <strong>liberazione d\u2019Italia dall\u2019occupazione nazista e dal regime fascista<\/strong>, a coronamento della resistenza italiana al <strong>nazifascismo<\/strong>. Questo giorno riveste un significato fondamentale nella storia d\u2019Italia, simboleggiando la lotta condotta dai partigiani e dall\u2019esercito a partire dall\u20198 settembre 1943, quando gli italiani vennero a conoscenza dell\u2019<strong>armistizio di Cassibile<\/strong>, appena firmato con gli Alleati. <a href=\"https:\/\/it.wikipedia.org\/wiki\/Anniversario_della_liberazione_d%27Italia\" target=\"_blank\" rel=\"noreferrer noopener\">L\u2019anniversario della liberazione d\u2019Italia ha assunto un significato propriamente politico e militare<\/a><a href=\"https:\/\/it.wikipedia.org\/wiki\/Anniversario_della_liberazione_d%27Italia\" target=\"_blank\" rel=\"noreferrer noopener\"><sup>1<\/sup><\/a>.<\/p>\n\t\t\t\t\t\t\t\t<\/div>\n\t\t\t\t<\/div>\n\t\t\t\t<div class=\"elementor-element elementor-element-21f65c4 elementor-widget elementor-widget-image\" data-id=\"21f65c4\" data-element_type=\"widget\" data-e-type=\"widget\" data-widget_type=\"image.default\">\n\t\t\t\t<div class=\"elementor-widget-container\">\n\t\t\t\t\t\t\t\t\t\t\t\t\t\t\t<img decoding=\"async\" width=\"635\" height=\"481\" src=\"https:\/\/www.ancravigliano.it\/wp-content\/uploads\/2024\/04\/la-liberazione-foto.jpg\" class=\"attachment-large size-large wp-image-2920\" alt=\"\" srcset=\"https:\/\/www.ancravigliano.it\/wp-content\/uploads\/2024\/04\/la-liberazione-foto.jpg 635w, https:\/\/www.ancravigliano.it\/wp-content\/uploads\/2024\/04\/la-liberazione-foto-300x227.jpg 300w\" sizes=\"(max-width: 635px) 100vw, 635px\" \/>\t\t\t\t\t\t\t\t\t\t\t\t\t\t\t<\/div>\n\t\t\t\t<\/div>\n\t\t\t\t<div class=\"elementor-element elementor-element-cdf5222 elementor-widget elementor-widget-text-editor\" data-id=\"cdf5222\" data-element_type=\"widget\" data-e-type=\"widget\" data-widget_type=\"text-editor.default\">\n\t\t\t\t<div class=\"elementor-widget-container\">\n\t\t\t\t\t\t\t\t\t\n<p>Il <strong>25 aprile 1945<\/strong> segna un momento cruciale: il <strong>Comitato di Liberazione Nazionale Alta Italia (CLNAI)<\/strong>, con sede a Milano e presieduto da Alfredo Pizzoni, Luigi Longo, Emilio Sereni, Sandro Pertini e Leo Valiani, proclam\u00f2 l\u2019<strong>insurrezione generale<\/strong> in tutti i territori ancora occupati dai nazifascisti. Il CLNAI indic\u00f2 a tutte le forze partigiane attive nel Nord Italia, facenti parte del <strong>Corpo volontari della libert\u00e0<\/strong>, di attaccare i presidi fascisti e tedeschi, imponendo la resa giorni prima dell\u2019arrivo delle truppe alleate. In quel giorno, il CLNAI eman\u00f2 anche decreti che condannavano a morte i gerarchi fascisti, senza citare esplicitamente Benito Mussolini, che fugg\u00ec da Milano e sarebbe stato catturato e fucilato tre giorni dopo. <a href=\"https:\/\/it.wikipedia.org\/wiki\/Anniversario_della_liberazione_d%27Italia\">L\u2019intimazione dei partigiani ai nazifascisti era chiara: &#8220;Arrendersi o perire!&#8221;<\/a><a href=\"https:\/\/it.wikipedia.org\/wiki\/Anniversario_della_liberazione_d%27Italia\" target=\"_blank\" rel=\"noreferrer noopener\"><sup>1<\/sup><\/a>.<\/p>\n\t\t\t\t\t\t\t\t<\/div>\n\t\t\t\t<\/div>\n\t\t\t\t<div class=\"elementor-element elementor-element-2c10907 elementor-widget elementor-widget-image\" data-id=\"2c10907\" data-element_type=\"widget\" data-e-type=\"widget\" data-widget_type=\"image.default\">\n\t\t\t\t<div class=\"elementor-widget-container\">\n\t\t\t\t\t\t\t\t\t\t\t\t\t\t\t<img decoding=\"async\" width=\"1024\" height=\"584\" src=\"https:\/\/www.ancravigliano.it\/wp-content\/uploads\/2024\/04\/partigiane-1024x584.jpg\" class=\"attachment-large size-large wp-image-2923\" alt=\"\" srcset=\"https:\/\/www.ancravigliano.it\/wp-content\/uploads\/2024\/04\/partigiane-1024x584.jpg 1024w, https:\/\/www.ancravigliano.it\/wp-content\/uploads\/2024\/04\/partigiane-300x171.jpg 300w, https:\/\/www.ancravigliano.it\/wp-content\/uploads\/2024\/04\/partigiane-768x438.jpg 768w, https:\/\/www.ancravigliano.it\/wp-content\/uploads\/2024\/04\/partigiane.jpg 1217w\" sizes=\"(max-width: 1024px) 100vw, 1024px\" \/>\t\t\t\t\t\t\t\t\t\t\t\t\t\t\t<\/div>\n\t\t\t\t<\/div>\n\t\t\t\t<div class=\"elementor-element elementor-element-4000b587 elementor-widget elementor-widget-text-editor\" data-id=\"4000b587\" data-element_type=\"widget\" data-e-type=\"widget\" data-widget_type=\"text-editor.default\">\n\t\t\t\t<div class=\"elementor-widget-container\">\n\t\t\t\t\t\t\t\t\t\n<p>La liberazione d\u2019Italia rappresenta un momento di grande coraggio e sacrificio da parte dei partigiani, e il <strong>25 aprile<\/strong> \u00e8 un giorno di riflessione e gratitudine per la resilienza del popolo italiano durante quegli anni bui. \u00c8 un\u2019occasione per onorare la memoria di coloro che hanno combattuto per la libert\u00e0 e per riaffermare l\u2019importanza della pace e della democrazia.<\/p>\n\n<p>La <strong>guerra di liberazione italiana<\/strong> fu un complesso sforzo militare e di resistenza contro l\u2019occupazione nazista e il regime fascista. Coinvolse vari attori, tra cui i <strong>soldati del Regio Esercito italiano<\/strong>. Ecco alcuni punti chiave:<\/p>\n\n<ol class=\"wp-block-list\">\n<li><strong>Regio Esercito durante l\u2019armistizio<\/strong>:\n<ul class=\"wp-block-list\">\n<li>Dopo l\u2019<strong>armistizio di Cassibile<\/strong> dell\u20198 settembre 1943, il Regio Esercito italiano si trov\u00f2 in una situazione difficile.<\/li>\n\n<li>Mancava una direttiva chiara dal <strong>Comando supremo<\/strong>, e alcune unit\u00e0 si disgregarono e cedettero le armi sotto l\u2019attacco tedesco.<\/li>\n\n<li>Tuttavia, vi furono anche <strong>episodi di resistenza armata<\/strong>, con militari italiani che cercarono di opporsi all\u2019occupante tedesco.<\/li>\n<\/ul>\n<\/li>\n\n<li><strong>Partecipazione dei militari italiani alla Resistenza<\/strong>:\n<ul class=\"wp-block-list\">\n<li>Molti militari italiani sfuggirono alla cattura da parte tedesca e si unirono alla <strong>Resistenza partigiana<\/strong>.<\/li>\n\n<li>Questi uomini costituirono le prime organizzazioni politico-militari per opporsi all\u2019occupazione, dando inizio alla lotta di liberazione.<\/li>\n\n<li>La Resistenza partigiana fu animata da militari italiani, oltre che da civili e partiti antifascisti.<\/li>\n<\/ul>\n<\/li>\n\n<li><strong>Aspetti della Resistenza<\/strong>:\n<ul class=\"wp-block-list\">\n<li>La Resistenza italiana fu contemporaneamente una <strong>guerra patriottica<\/strong>, una <strong>lotta di liberazione<\/strong> e persino una <strong>guerra civile<\/strong> tra antifascisti e fascisti collaborazionisti.<\/li>\n\n<li>Alcuni partigiani avevano anche aspettative rivoluzionarie, rendendo la Resistenza un fenomeno complesso e multiforme.<\/li>\n<\/ul>\n<\/li>\n\n<li><strong>Fine delle ostilit\u00e0<\/strong>:\n<ul class=\"wp-block-list\">\n<li>Dopo quasi due anni di combattimenti, sia sulla linea del fronte che nelle regioni occupate dai tedeschi, le ostilit\u00e0 cessarono formalmente il <strong>29 aprile 1945<\/strong> con la resa incondizionata dell\u2019esercito tedesco.<\/li>\n<\/ul>\n<\/li>\n<\/ol>\n\n<p>In sintesi, i soldati del Regio Esercito italiano, insieme ad altri attori, contribuirono alla liberazione dell\u2019Italia dall\u2019occupazione nazifascista, dimostrando coraggio e determinazione durante quegli anni bui<\/p>\n\n<p>\u00a0<\/p>\n\t\t\t\t\t\t\t\t<\/div>\n\t\t\t\t<\/div>\n\t\t<div class=\"elementor-element elementor-element-ab08a17 e-grid e-con-boxed e-con e-child\" data-id=\"ab08a17\" data-element_type=\"container\" data-e-type=\"container\">\n\t\t\t\t\t<div class=\"e-con-inner\">\n\t\t\t\t<div class=\"elementor-element elementor-element-e92f34f elementor-widget elementor-widget-image\" data-id=\"e92f34f\" data-element_type=\"widget\" data-e-type=\"widget\" data-widget_type=\"image.default\">\n\t\t\t\t<div class=\"elementor-widget-container\">\n\t\t\t\t\t\t\t\t\t\t\t\t\t\t\t<img decoding=\"async\" width=\"635\" height=\"481\" src=\"https:\/\/www.ancravigliano.it\/wp-content\/uploads\/2024\/04\/la-liberazione-foto.jpg\" class=\"attachment-large size-large wp-image-2920\" alt=\"\" srcset=\"https:\/\/www.ancravigliano.it\/wp-content\/uploads\/2024\/04\/la-liberazione-foto.jpg 635w, https:\/\/www.ancravigliano.it\/wp-content\/uploads\/2024\/04\/la-liberazione-foto-300x227.jpg 300w\" sizes=\"(max-width: 635px) 100vw, 635px\" \/>\t\t\t\t\t\t\t\t\t\t\t\t\t\t\t<\/div>\n\t\t\t\t<\/div>\n\t\t\t\t<div class=\"elementor-element elementor-element-77a1d14 elementor-widget elementor-widget-image\" data-id=\"77a1d14\" data-element_type=\"widget\" data-e-type=\"widget\" data-widget_type=\"image.default\">\n\t\t\t\t<div class=\"elementor-widget-container\">\n\t\t\t\t\t\t\t\t\t\t\t\t\t\t\t<img loading=\"lazy\" decoding=\"async\" width=\"600\" height=\"338\" src=\"https:\/\/www.ancravigliano.it\/wp-content\/uploads\/2024\/04\/liberazione-4.jpg\" class=\"attachment-large size-large wp-image-2940\" alt=\"\" srcset=\"https:\/\/www.ancravigliano.it\/wp-content\/uploads\/2024\/04\/liberazione-4.jpg 600w, https:\/\/www.ancravigliano.it\/wp-content\/uploads\/2024\/04\/liberazione-4-300x169.jpg 300w\" sizes=\"(max-width: 600px) 100vw, 600px\" \/>\t\t\t\t\t\t\t\t\t\t\t\t\t\t\t<\/div>\n\t\t\t\t<\/div>\n\t\t\t\t\t<\/div>\n\t\t\t\t<\/div>\n\t\t\t\t<div class=\"elementor-element elementor-element-edacc70 elementor-widget elementor-widget-text-editor\" data-id=\"edacc70\" data-element_type=\"widget\" data-e-type=\"widget\" data-widget_type=\"text-editor.default\">\n\t\t\t\t<div class=\"elementor-widget-container\">\n\t\t\t\t\t\t\t\t\t\n<p>I <strong>protagonisti della liberazione<\/strong> dall\u2019occupazione nazista e dal regime fascista in Italia furono individui coraggiosi che si opposero all\u2019oppressione e lottarono per la libert\u00e0. Ecco alcuni dei principali protagonisti della <strong>Resistenza italiana<\/strong>:<\/p>\n\t\t\t\t\t\t\t\t<\/div>\n\t\t\t\t<\/div>\n\t\t\t\t<div class=\"elementor-element elementor-element-16348a0 elementor-widget elementor-widget-heading\" data-id=\"16348a0\" data-element_type=\"widget\" data-e-type=\"widget\" data-widget_type=\"heading.default\">\n\t\t\t\t<div class=\"elementor-widget-container\">\n\t\t\t\t\t<h6 class=\"elementor-heading-title elementor-size-default\"><a href=\"https:\/\/it.wikipedia.org\/wiki\/Alfredo_Pizzoni\" target=\"_blank\" rel=\"nofollow\">Alfredo PIZZONI<\/a><\/h6>\t\t\t\t<\/div>\n\t\t\t\t<\/div>\n\t\t<div class=\"elementor-element elementor-element-c64f857 e-grid e-con-boxed e-con e-child\" data-id=\"c64f857\" data-element_type=\"container\" data-e-type=\"container\">\n\t\t\t\t\t<div class=\"e-con-inner\">\n\t\t\t\t<div class=\"elementor-element elementor-element-173d8e4 elementor-widget elementor-widget-image\" data-id=\"173d8e4\" data-element_type=\"widget\" data-e-type=\"widget\" data-widget_type=\"image.default\">\n\t\t\t\t<div class=\"elementor-widget-container\">\n\t\t\t\t\t\t\t\t\t\t\t\t\t\t\t\t<a href=\"https:\/\/www.ancravigliano.it\/wp-content\/uploads\/2024\/04\/Alfredo-Pizzoni-presidente-del-CLNAI.jpg\" data-elementor-open-lightbox=\"yes\" data-elementor-lightbox-title=\"Alfredo-Pizzoni-presidente-del-CLNAI\" data-e-action-hash=\"#elementor-action%3Aaction%3Dlightbox%26settings%3DeyJpZCI6MjkyNSwidXJsIjoiaHR0cHM6XC9cL3d3dy5hbmNyYXZpZ2xpYW5vLml0XC93cC1jb250ZW50XC91cGxvYWRzXC8yMDI0XC8wNFwvQWxmcmVkby1QaXp6b25pLXByZXNpZGVudGUtZGVsLUNMTkFJLmpwZyJ9\">\n\t\t\t\t\t\t\t<img loading=\"lazy\" decoding=\"async\" width=\"299\" height=\"232\" src=\"https:\/\/www.ancravigliano.it\/wp-content\/uploads\/2024\/04\/Alfredo-Pizzoni-presidente-del-CLNAI.jpg\" class=\"attachment-full size-full wp-image-2925\" alt=\"\" \/>\t\t\t\t\t\t\t\t<\/a>\n\t\t\t\t\t\t\t\t\t\t\t\t\t\t\t<\/div>\n\t\t\t\t<\/div>\n\t\t\t\t<div class=\"elementor-element elementor-element-c6de9b1 elementor-widget elementor-widget-image\" data-id=\"c6de9b1\" data-element_type=\"widget\" data-e-type=\"widget\" data-widget_type=\"image.default\">\n\t\t\t\t<div class=\"elementor-widget-container\">\n\t\t\t\t\t\t\t\t\t\t\t\t\t\t\t\t<a href=\"https:\/\/www.ancravigliano.it\/wp-content\/uploads\/2024\/04\/Alfredo_Pizzoni.jpg\" data-elementor-open-lightbox=\"yes\" data-elementor-lightbox-title=\"Alfredo_Pizzoni\" data-e-action-hash=\"#elementor-action%3Aaction%3Dlightbox%26settings%3DeyJpZCI6MjkyNywidXJsIjoiaHR0cHM6XC9cL3d3dy5hbmNyYXZpZ2xpYW5vLml0XC93cC1jb250ZW50XC91cGxvYWRzXC8yMDI0XC8wNFwvQWxmcmVkb19QaXp6b25pLmpwZyJ9\">\n\t\t\t\t\t\t\t<img loading=\"lazy\" decoding=\"async\" width=\"166\" height=\"300\" src=\"https:\/\/www.ancravigliano.it\/wp-content\/uploads\/2024\/04\/Alfredo_Pizzoni-166x300.jpg\" class=\"attachment-medium size-medium wp-image-2927\" alt=\"\" srcset=\"https:\/\/www.ancravigliano.it\/wp-content\/uploads\/2024\/04\/Alfredo_Pizzoni-166x300.jpg 166w, https:\/\/www.ancravigliano.it\/wp-content\/uploads\/2024\/04\/Alfredo_Pizzoni.jpg 276w\" sizes=\"(max-width: 166px) 100vw, 166px\" \/>\t\t\t\t\t\t\t\t<\/a>\n\t\t\t\t\t\t\t\t\t\t\t\t\t\t\t<\/div>\n\t\t\t\t<\/div>\n\t\t\t\t\t<\/div>\n\t\t\t\t<\/div>\n\t\t\t\t<div class=\"elementor-element elementor-element-a09ddf6 elementor-widget elementor-widget-text-editor\" data-id=\"a09ddf6\" data-element_type=\"widget\" data-e-type=\"widget\" data-widget_type=\"text-editor.default\">\n\t\t\t\t<div class=\"elementor-widget-container\">\n\t\t\t\t\t\t\t\t\t<p>\u00a0<\/p>\n<ul>\n<li>\n<p><strong>Alfredo Pizzoni<\/strong>:<\/p>\n<ul>\n<li>Bersagliere del Regio Esercito.<\/li>\n<li>Partecip\u00f2 alla <strong>Prima Guerra Mondiale<\/strong> e ricevette la <strong>Medaglia d\u2019argento al Valor Militare<\/strong>.<\/li>\n<li>Si un\u00ec al <strong>Comitato di Liberazione Nazionale Alta Italia (CLNAI)<\/strong> e divenne presidente.<\/li>\n<li>Contribu\u00ec a stringere rapporti con gli Alleati, portando finanziamenti al CLNAI.<\/li>\n<li>Dopo la Liberazione, fu insignito della <strong>Medal of Freedom<\/strong> statunitense e scrisse memorie critiche sugli altri protagonisti della Resistenza.<\/li>\n<\/ul>\n<\/li>\n<\/ul>\t\t\t\t\t\t\t\t<\/div>\n\t\t\t\t<\/div>\n\t\t\t\t<div class=\"elementor-element elementor-element-11b8f92 elementor-widget elementor-widget-heading\" data-id=\"11b8f92\" data-element_type=\"widget\" data-e-type=\"widget\" data-widget_type=\"heading.default\">\n\t\t\t\t<div class=\"elementor-widget-container\">\n\t\t\t\t\t<h6 class=\"elementor-heading-title elementor-size-default\"><a href=\"https:\/\/it.wikipedia.org\/wiki\/Luigi_Longo\" target=\"_blank\" rel=\"nofollow\">Luigi LONGO<\/a><\/h6>\t\t\t\t<\/div>\n\t\t\t\t<\/div>\n\t\t<div class=\"elementor-element elementor-element-99ef3f7 e-grid e-con-boxed e-con e-child\" data-id=\"99ef3f7\" data-element_type=\"container\" data-e-type=\"container\">\n\t\t\t\t\t<div class=\"e-con-inner\">\n\t\t\t\t<div class=\"elementor-element elementor-element-ed4286d elementor-widget elementor-widget-image\" data-id=\"ed4286d\" data-element_type=\"widget\" data-e-type=\"widget\" data-widget_type=\"image.default\">\n\t\t\t\t<div class=\"elementor-widget-container\">\n\t\t\t\t\t\t\t\t\t\t\t\t<figure class=\"wp-caption\">\n\t\t\t\t\t\t\t\t\t\t\t<a href=\"https:\/\/www.ancravigliano.it\/wp-content\/uploads\/2024\/04\/Luigi_Longo_1946.jpg\" data-elementor-open-lightbox=\"yes\" data-elementor-lightbox-title=\"Luigi_Longo_(1946)\" data-e-action-hash=\"#elementor-action%3Aaction%3Dlightbox%26settings%3DeyJpZCI6MjkzNSwidXJsIjoiaHR0cHM6XC9cL3d3dy5hbmNyYXZpZ2xpYW5vLml0XC93cC1jb250ZW50XC91cGxvYWRzXC8yMDI0XC8wNFwvTHVpZ2lfTG9uZ29fMTk0Ni5qcGcifQ%3D%3D\">\n\t\t\t\t\t\t\t<img loading=\"lazy\" decoding=\"async\" width=\"153\" height=\"226\" src=\"https:\/\/www.ancravigliano.it\/wp-content\/uploads\/2024\/04\/Luigi_Longo_1946.jpg\" class=\"attachment-medium size-medium wp-image-2935\" alt=\"\" \/>\t\t\t\t\t\t\t\t<\/a>\n\t\t\t\t\t\t\t\t\t\t\t<figcaption class=\"widget-image-caption wp-caption-text\"> SLuigi Longo nel 1946<\/figcaption>\n\t\t\t\t\t\t\t\t\t\t<\/figure>\n\t\t\t\t\t\t\t\t\t<\/div>\n\t\t\t\t<\/div>\n\t\t\t\t<div class=\"elementor-element elementor-element-840f13b elementor-widget elementor-widget-image\" data-id=\"840f13b\" data-element_type=\"widget\" data-e-type=\"widget\" data-widget_type=\"image.default\">\n\t\t\t\t<div class=\"elementor-widget-container\">\n\t\t\t\t\t\t\t\t\t\t\t\t<figure class=\"wp-caption\">\n\t\t\t\t\t\t\t\t\t\t\t<a href=\"https:\/\/www.ancravigliano.it\/wp-content\/uploads\/2024\/04\/Luigi_Longo_1979.jpg\" data-elementor-open-lightbox=\"yes\" data-elementor-lightbox-title=\"Luigi_Longo_1979\" data-e-action-hash=\"#elementor-action%3Aaction%3Dlightbox%26settings%3DeyJpZCI6MjkzNCwidXJsIjoiaHR0cHM6XC9cL3d3dy5hbmNyYXZpZ2xpYW5vLml0XC93cC1jb250ZW50XC91cGxvYWRzXC8yMDI0XC8wNFwvTHVpZ2lfTG9uZ29fMTk3OS5qcGcifQ%3D%3D\">\n\t\t\t\t\t\t\t<img loading=\"lazy\" decoding=\"async\" width=\"214\" height=\"269\" src=\"https:\/\/www.ancravigliano.it\/wp-content\/uploads\/2024\/04\/Luigi_Longo_1979.jpg\" class=\"attachment-medium size-medium wp-image-2934\" alt=\"\" \/>\t\t\t\t\t\t\t\t<\/a>\n\t\t\t\t\t\t\t\t\t\t\t<figcaption class=\"widget-image-caption wp-caption-text\">Segretario generale del Partito Comunista Italiano<\/figcaption>\n\t\t\t\t\t\t\t\t\t\t<\/figure>\n\t\t\t\t\t\t\t\t\t<\/div>\n\t\t\t\t<\/div>\n\t\t\t\t\t<\/div>\n\t\t\t\t<\/div>\n\t\t\t\t<div class=\"elementor-element elementor-element-7fee865 elementor-widget elementor-widget-text-editor\" data-id=\"7fee865\" data-element_type=\"widget\" data-e-type=\"widget\" data-widget_type=\"text-editor.default\">\n\t\t\t\t<div class=\"elementor-widget-container\">\n\t\t\t\t\t\t\t\t\t<ul>\n<li><strong>Luigi Longo<\/strong> (noto anche come <strong>Gallo<\/strong>):\n<ul class=\"wp-block-list\">\n<li>Fu un politico italiano antifascista.<\/li>\n\n<li>Combatt\u00e9 nella <strong>guerra civile spagnola<\/strong> e comand\u00f2 le <strong>Brigate internazionali<\/strong>.<\/li>\n\n<li>Si leg\u00f2 al <strong>partito comunista<\/strong> e guid\u00f2 le formazioni partigiane comuniste durante la Resistenza italiana.<\/li>\n\n<li>Dopo la Liberazione, sostenne le idee di <strong>Togliatti<\/strong> e <strong>Stalin<\/strong> e fu segretario del <strong>Partito comunista italiano<\/strong><a href=\"https:\/\/www.studenti.it\/protagonisti-25-aprile-1945-anniversario-liberazione.html\" target=\"_blank\" rel=\"noreferrer noopener\"><sup>1<\/sup><\/a><a href=\"https:\/\/www.studenti.it\/protagonisti-25-aprile-1945-anniversario-liberazione.html\" target=\"_blank\" rel=\"noreferrer noopener\">1<\/a>.<\/li>\n<\/ul>\n<\/li>\n<\/ul>\n\n<ol class=\"wp-block-list\"><\/ol>\n\n<p>Questi uomini e molti altri partigiani hanno sacrificato molto per la libert\u00e0 dell\u2019Italia durante quegli anni bui. Il <strong>25 aprile<\/strong> \u00e8 un giorno per onorare la loro resilienza e riflettere sull\u2019importanza della pace e della democrazia<\/p>\n\t\t\t\t\t\t\t\t<\/div>\n\t\t\t\t<\/div>\n\t\t\t\t\t<\/div>\n\t\t\t\t<\/div>\n\t\t<div class=\"elementor-element elementor-element-fd2ab1f e-flex e-con-boxed e-con e-parent\" data-id=\"fd2ab1f\" data-element_type=\"container\" data-e-type=\"container\">\n\t\t\t\t\t<div class=\"e-con-inner\">\n\t\t\t\t<div class=\"elementor-element elementor-element-c51e198 elementor-widget elementor-widget-text-editor\" data-id=\"c51e198\" data-element_type=\"widget\" data-e-type=\"widget\" data-widget_type=\"text-editor.default\">\n\t\t\t\t<div class=\"elementor-widget-container\">\n\t\t\t\t\t\t\t\t\t<blockquote>\n<p><strong>Se allora f\u00f9:<\/strong><\/p>\n<p><strong> &#8216;GUERRA CIVILE&#8217; <\/strong><\/p>\n<p><strong>che ora sia: <\/strong><\/p>\n<p><strong>PACE FRA i POPOLI.<\/strong><\/p>\n<\/blockquote>\t\t\t\t\t\t\t\t<\/div>\n\t\t\t\t<\/div>\n\t\t\t\t<div class=\"elementor-element elementor-element-15595f3 elementor-widget elementor-widget-heading\" data-id=\"15595f3\" data-element_type=\"widget\" data-e-type=\"widget\" data-widget_type=\"heading.default\">\n\t\t\t\t<div class=\"elementor-widget-container\">\n\t\t\t\t\t<h2 class=\"elementor-heading-title elementor-size-default\">Viva l'italia Libera<\/h2>\t\t\t\t<\/div>\n\t\t\t\t<\/div>\n\t\t\t\t<div class=\"elementor-element elementor-element-e0eaa1a elementor-widget elementor-widget-image\" data-id=\"e0eaa1a\" data-element_type=\"widget\" data-e-type=\"widget\" data-widget_type=\"image.default\">\n\t\t\t\t<div class=\"elementor-widget-container\">\n\t\t\t\t\t\t\t\t\t\t\t\t\t\t\t<img loading=\"lazy\" decoding=\"async\" width=\"1024\" height=\"777\" src=\"https:\/\/www.ancravigliano.it\/wp-content\/uploads\/2024\/04\/liberazione_25_aprile_nazifascismo_fascismo-649479945-1024x777.jpg\" class=\"attachment-large size-large wp-image-2939\" alt=\"\" srcset=\"https:\/\/www.ancravigliano.it\/wp-content\/uploads\/2024\/04\/liberazione_25_aprile_nazifascismo_fascismo-649479945-1024x777.jpg 1024w, https:\/\/www.ancravigliano.it\/wp-content\/uploads\/2024\/04\/liberazione_25_aprile_nazifascismo_fascismo-649479945-300x228.jpg 300w, https:\/\/www.ancravigliano.it\/wp-content\/uploads\/2024\/04\/liberazione_25_aprile_nazifascismo_fascismo-649479945-768x583.jpg 768w, https:\/\/www.ancravigliano.it\/wp-content\/uploads\/2024\/04\/liberazione_25_aprile_nazifascismo_fascismo-649479945-1536x1166.jpg 1536w, https:\/\/www.ancravigliano.it\/wp-content\/uploads\/2024\/04\/liberazione_25_aprile_nazifascismo_fascismo-649479945.jpg 2016w\" sizes=\"(max-width: 1024px) 100vw, 1024px\" \/>\t\t\t\t\t\t\t\t\t\t\t\t\t\t\t<\/div>\n\t\t\t\t<\/div>\n\t\t\t\t\t<\/div>\n\t\t\t\t<\/div>\n\t\t<div class=\"elementor-element elementor-element-cc84e3b e-flex e-con-boxed e-con e-parent\" data-id=\"cc84e3b\" data-element_type=\"container\" data-e-type=\"container\">\n\t\t\t\t\t<div class=\"e-con-inner\">\n\t\t\t\t\t<\/div>\n\t\t\t\t<\/div>\n\t\t\t\t<\/div>\n\t\t","protected":false},"excerpt":{"rendered":"<p>l 25 aprile \u00e8 una data simbolo per l&#8217;Italia, poich\u00e9 segna la liberazione dal regime nazifascista che dominava il paese durante la Seconda Guerra Mondiale. \u00c8 una giornata di celebrazione della resistenza e della lotta per la libert\u00e0.<\/p>\n<p>Durante gli anni della guerra, l&#8217;Italia era divisa tra coloro che sostenevano il regime fascista di Benito Mussolini e coloro che si opponevano al regime stesso. La Resistenza Italiana, composta da partigiani e civili che si opponevano all&#8217;occupazione nazista e al fascismo, gioc\u00f2 un ruolo fondamentale nella liberazione del paese.<\/p>\n<p>Il 25 aprile 1945, le forze partigiane italiane, insieme agli Alleati, riuscirono a liberare molte citt\u00e0 italiane dall&#8217;occupazione nazista. Questa liberazione segn\u00f2 la fine della dittatura fascista e il ritorno dell&#8217;Italia alla democrazia.<\/p>\n<p>Il 25 aprile \u00e8 ora commemorato in tutta Italia con eventi, cerimonie e momenti di riflessione per onorare coloro che hanno combattuto per la libert\u00e0 del paese. \u00c8 un giorno per ricordare il coraggio e il sacrificio dei partigiani e dei cittadini che hanno lottato per un&#8217;Italia libera e democratica.<\/p>\n","protected":false},"author":1,"featured_media":2924,"comment_status":"closed","ping_status":"open","sticky":true,"template":"","format":"standard","meta":{"_jetpack_memberships_contains_paid_content":false,"footnotes":"","jetpack_publicize_message":"","jetpack_publicize_feature_enabled":true,"jetpack_social_post_already_shared":true,"jetpack_social_options":{"image_generator_settings":{"template":"highway","default_image_id":0,"font":"","enabled":false},"version":2}},"categories":[58,59,76],"tags":[81],"post_folder":[],"class_list":["post-2917","post","type-post","status-publish","format-standard","has-post-thumbnail","hentry","category-ancr-avigliano","category-ancr-federazione-matera-e-potenza","category-tendenza","tag-festa-della-liberazione"],"blocksy_meta":[],"jetpack_publicize_connections":[],"jetpack_featured_media_url":"https:\/\/www.ancravigliano.it\/wp-content\/uploads\/2024\/04\/R-scaled.jpg","jetpack_sharing_enabled":true,"jetpack_likes_enabled":true,"_links":{"self":[{"href":"https:\/\/www.ancravigliano.it\/index.php\/wp-json\/wp\/v2\/posts\/2917","targetHints":{"allow":["GET"]}}],"collection":[{"href":"https:\/\/www.ancravigliano.it\/index.php\/wp-json\/wp\/v2\/posts"}],"about":[{"href":"https:\/\/www.ancravigliano.it\/index.php\/wp-json\/wp\/v2\/types\/post"}],"author":[{"embeddable":true,"href":"https:\/\/www.ancravigliano.it\/index.php\/wp-json\/wp\/v2\/users\/1"}],"replies":[{"embeddable":true,"href":"https:\/\/www.ancravigliano.it\/index.php\/wp-json\/wp\/v2\/comments?post=2917"}],"version-history":[{"count":25,"href":"https:\/\/www.ancravigliano.it\/index.php\/wp-json\/wp\/v2\/posts\/2917\/revisions"}],"predecessor-version":[{"id":2956,"href":"https:\/\/www.ancravigliano.it\/index.php\/wp-json\/wp\/v2\/posts\/2917\/revisions\/2956"}],"wp:featuredmedia":[{"embeddable":true,"href":"https:\/\/www.ancravigliano.it\/index.php\/wp-json\/wp\/v2\/media\/2924"}],"wp:attachment":[{"href":"https:\/\/www.ancravigliano.it\/index.php\/wp-json\/wp\/v2\/media?parent=2917"}],"wp:term":[{"taxonomy":"category","embeddable":true,"href":"https:\/\/www.ancravigliano.it\/index.php\/wp-json\/wp\/v2\/categories?post=2917"},{"taxonomy":"post_tag","embeddable":true,"href":"https:\/\/www.ancravigliano.it\/index.php\/wp-json\/wp\/v2\/tags?post=2917"},{"taxonomy":"post_folder","embeddable":true,"href":"https:\/\/www.ancravigliano.it\/index.php\/wp-json\/wp\/v2\/post_folder?post=2917"}],"curies":[{"name":"wp","href":"https:\/\/api.w.org\/{rel}","templated":true}]}}