{"id":2962,"date":"2024-06-19T13:00:50","date_gmt":"2024-06-19T11:00:50","guid":{"rendered":"https:\/\/www.ancravigliano.it\/?p=2962"},"modified":"2024-06-19T13:09:13","modified_gmt":"2024-06-19T11:09:13","slug":"celebrazione-della-festa-dei-bersaglieri-un-tributo-alla-storia","status":"publish","type":"post","link":"https:\/\/www.ancravigliano.it\/index.php\/2024\/06\/19\/celebrazione-della-festa-dei-bersaglieri-un-tributo-alla-storia\/","title":{"rendered":"Celebrazione della Festa dei Bersaglieri Un Tributo alla Storia"},"content":{"rendered":"<h3>Celebrazione della Festa dei Bersaglieri: Un Tributo alla Storia e al Coraggio<\/h3>\n<p>La Festa dei Bersaglieri \u00e8 un&#8217;occasione speciale per celebrare uno dei corpi pi\u00f9 iconici e valorosi dell&#8217;esercito italiano. Fondata nel 1836 dal generale Alessandro La Marmora, questa unit\u00e0 \u00e8 nota per la sua agilit\u00e0, il coraggio e l&#8217;inconfondibile cappello piumato. Ogni anno, il 18 giugno, i bersaglieri vengono celebrati in tutta Italia con parate, eventi commemorativi e cerimonie ufficiali.<\/p>\n<p><img fetchpriority=\"high\" decoding=\"async\" class=\"alignnone size-medium wp-image-2963\" src=\"https:\/\/www.ancravigliano.it\/wp-content\/uploads\/2024\/06\/bersaglieri-asti-96219-300x204.jpg\" alt=\"\" width=\"300\" height=\"204\" srcset=\"https:\/\/www.ancravigliano.it\/wp-content\/uploads\/2024\/06\/bersaglieri-asti-96219-300x204.jpg 300w, https:\/\/www.ancravigliano.it\/wp-content\/uploads\/2024\/06\/bersaglieri-asti-96219.jpg 670w\" sizes=\"(max-width: 300px) 100vw, 300px\" \/><br \/>\n<em>Bersaglieri sfilano in parata, mostrando con orgoglio il loro distintivo cappello piumato.<\/em><\/p>\n<h4>Storia e Tradizione<\/h4>\n<p>I bersaglieri sono nati con l&#8217;idea di essere una fanteria leggera, capace di muoversi rapidamente sul campo di battaglia. La loro introduzione rivoluzion\u00f2 le tattiche militari dell&#8217;epoca, grazie alla loro capacit\u00e0 di coprire grandi distanze a piedi e di sorprendere il nemico con attacchi rapidi e decisi. Sin dalla loro creazione, i bersaglieri si sono distinti in numerosi conflitti, dalla Prima Guerra d&#8217;Indipendenza Italiana alle missioni internazionali di pace.<\/p>\n<h4>Il Simbolo del Cappello Piumato<\/h4>\n<p>Uno degli elementi pi\u00f9 riconoscibili dei bersaglieri \u00e8 il cappello piumato, adornato con penne di gallo cedrone. Questo distintivo non \u00e8 solo un simbolo di appartenenza, ma rappresenta anche il legame indissolubile tra i bersaglieri e la natura, oltre a simboleggiare l&#8217;astuzia e l&#8217;agilit\u00e0 del corpo militare.<\/p>\n<p><img decoding=\"async\" class=\"alignnone wp-image-2964 size-medium\" src=\"https:\/\/www.ancravigliano.it\/wp-content\/uploads\/2024\/06\/bersaglieri_Cappello_piumato-300x225.jpg\" alt=\"Cappello Piumato Bersaglieri\" width=\"300\" height=\"225\" srcset=\"https:\/\/www.ancravigliano.it\/wp-content\/uploads\/2024\/06\/bersaglieri_Cappello_piumato-300x225.jpg 300w, https:\/\/www.ancravigliano.it\/wp-content\/uploads\/2024\/06\/bersaglieri_Cappello_piumato.jpg 700w\" sizes=\"(max-width: 300px) 100vw, 300px\" \/><br \/>\n<em>Il caratteristico cappello piumato dei bersaglieri, simbolo di orgoglio e tradizione.<\/em><\/p>\n<h4>Le Celebrazioni<\/h4>\n<p>La Festa dei Bersaglieri \u00e8 caratterizzata da una serie di eventi che si svolgono in diverse citt\u00e0 italiane. Le celebrazioni includono parate militari, concerti delle fanfare dei bersaglieri e rievocazioni storiche. Ogni anno, la citt\u00e0 ospitante diventa il centro di una serie di manifestazioni che attirano migliaia di partecipanti e spettatori, creando un&#8217;atmosfera di grande patriottismo e orgoglio nazionale.<\/p>\n<h4>Il Ruolo Contemporaneo dei Bersaglieri<\/h4>\n<p>Oggi, i bersaglieri continuano a svolgere un ruolo cruciale nelle forze armate italiane. Oltre ai loro compiti tradizionali, sono coinvolti in missioni di pace all&#8217;estero e in operazioni di soccorso in caso di emergenze nazionali. La loro adattabilit\u00e0 e il loro spirito indomito li rendono una componente vitale dell&#8217;esercito italiano.<\/p>\n<p><img decoding=\"async\" class=\"alignnone size-medium wp-image-2965\" src=\"https:\/\/www.ancravigliano.it\/wp-content\/uploads\/2024\/06\/Bersaglieri_Pace-300x217.jpg\" alt=\"Bersaglieri in missione di pace\" width=\"300\" height=\"217\" srcset=\"https:\/\/www.ancravigliano.it\/wp-content\/uploads\/2024\/06\/Bersaglieri_Pace-300x217.jpg 300w, https:\/\/www.ancravigliano.it\/wp-content\/uploads\/2024\/06\/Bersaglieri_Pace-768x557.jpg 768w, https:\/\/www.ancravigliano.it\/wp-content\/uploads\/2024\/06\/Bersaglieri_Pace.jpg 1024w\" sizes=\"(max-width: 300px) 100vw, 300px\" \/><br \/>\n<em>Bersaglieri impegnati in una missione di pace all&#8217;estero.<\/em><\/p>\n<h4>Conclusione<\/h4>\n<p>La Festa dei Bersaglieri \u00e8 molto pi\u00f9 di una semplice celebrazione militare. \u00c8 un momento per riflettere sulla storia, i valori e il coraggio di un corpo che ha dato tanto alla nazione italiana. Attraverso le loro gesta eroiche e il loro spirito indomito, i bersaglieri continuano a essere un simbolo di orgoglio per tutti gli italiani.<\/p>\n<p>Viva i bersaglieri e viva l&#8217;Italia!<\/p>\n<p><img loading=\"lazy\" decoding=\"async\" class=\"alignnone wp-image-2967 size-medium\" src=\"https:\/\/www.ancravigliano.it\/wp-content\/uploads\/2024\/06\/Bersaglieri_parata_notturna-e1718795342507-300x152.jpg\" alt=\"\" width=\"300\" height=\"152\" srcset=\"https:\/\/www.ancravigliano.it\/wp-content\/uploads\/2024\/06\/Bersaglieri_parata_notturna-e1718795342507-300x152.jpg 300w, https:\/\/www.ancravigliano.it\/wp-content\/uploads\/2024\/06\/Bersaglieri_parata_notturna-e1718795342507-1024x520.jpg 1024w, https:\/\/www.ancravigliano.it\/wp-content\/uploads\/2024\/06\/Bersaglieri_parata_notturna-e1718795342507-768x390.jpg 768w, https:\/\/www.ancravigliano.it\/wp-content\/uploads\/2024\/06\/Bersaglieri_parata_notturna-e1718795342507.jpg 1280w\" sizes=\"(max-width: 300px) 100vw, 300px\" \/><br \/>\n<em>Un suggestivo momento della parata notturna dei bersaglieri, simbolo di tradizione e modernit\u00e0.<\/em><\/p>\n","protected":false},"excerpt":{"rendered":"<p>Celebrazione della Festa dei Bersaglieri: Un Tributo alla Storia e al Coraggio La Festa dei Bersaglieri \u00e8 un&#8217;occasione speciale per celebrare uno dei corpi pi\u00f9 iconici e valorosi dell&#8217;esercito italiano. Fondata nel 1836 dal generale Alessandro La Marmora, questa unit\u00e0 \u00e8 nota per la sua agilit\u00e0, il coraggio e l&#8217;inconfondibile cappello piumato. Ogni anno, il [&hellip;]<\/p>\n","protected":false},"author":1,"featured_media":2964,"comment_status":"closed","ping_status":"open","sticky":false,"template":"","format":"standard","meta":{"_jetpack_memberships_contains_paid_content":false,"footnotes":"","jetpack_publicize_message":"","jetpack_publicize_feature_enabled":true,"jetpack_social_post_already_shared":true,"jetpack_social_options":{"image_generator_settings":{"template":"highway","default_image_id":0,"font":"","enabled":false},"version":2}},"categories":[58],"tags":[],"post_folder":[],"class_list":["post-2962","post","type-post","status-publish","format-standard","has-post-thumbnail","hentry","category-ancr-avigliano"],"blocksy_meta":[],"jetpack_publicize_connections":[],"jetpack_featured_media_url":"https:\/\/www.ancravigliano.it\/wp-content\/uploads\/2024\/06\/bersaglieri_Cappello_piumato.jpg","jetpack_sharing_enabled":true,"jetpack_likes_enabled":true,"_links":{"self":[{"href":"https:\/\/www.ancravigliano.it\/index.php\/wp-json\/wp\/v2\/posts\/2962","targetHints":{"allow":["GET"]}}],"collection":[{"href":"https:\/\/www.ancravigliano.it\/index.php\/wp-json\/wp\/v2\/posts"}],"about":[{"href":"https:\/\/www.ancravigliano.it\/index.php\/wp-json\/wp\/v2\/types\/post"}],"author":[{"embeddable":true,"href":"https:\/\/www.ancravigliano.it\/index.php\/wp-json\/wp\/v2\/users\/1"}],"replies":[{"embeddable":true,"href":"https:\/\/www.ancravigliano.it\/index.php\/wp-json\/wp\/v2\/comments?post=2962"}],"version-history":[{"count":2,"href":"https:\/\/www.ancravigliano.it\/index.php\/wp-json\/wp\/v2\/posts\/2962\/revisions"}],"predecessor-version":[{"id":2968,"href":"https:\/\/www.ancravigliano.it\/index.php\/wp-json\/wp\/v2\/posts\/2962\/revisions\/2968"}],"wp:featuredmedia":[{"embeddable":true,"href":"https:\/\/www.ancravigliano.it\/index.php\/wp-json\/wp\/v2\/media\/2964"}],"wp:attachment":[{"href":"https:\/\/www.ancravigliano.it\/index.php\/wp-json\/wp\/v2\/media?parent=2962"}],"wp:term":[{"taxonomy":"category","embeddable":true,"href":"https:\/\/www.ancravigliano.it\/index.php\/wp-json\/wp\/v2\/categories?post=2962"},{"taxonomy":"post_tag","embeddable":true,"href":"https:\/\/www.ancravigliano.it\/index.php\/wp-json\/wp\/v2\/tags?post=2962"},{"taxonomy":"post_folder","embeddable":true,"href":"https:\/\/www.ancravigliano.it\/index.php\/wp-json\/wp\/v2\/post_folder?post=2962"}],"curies":[{"name":"wp","href":"https:\/\/api.w.org\/{rel}","templated":true}]}}