{"id":2999,"date":"2024-09-28T13:01:15","date_gmt":"2024-09-28T11:01:15","guid":{"rendered":"https:\/\/www.ancravigliano.it\/?p=2999"},"modified":"2024-09-28T13:03:21","modified_gmt":"2024-09-28T11:03:21","slug":"avigliano-conferisce-la-cittadinanza-onoraria-al-reggimento","status":"publish","type":"post","link":"https:\/\/www.ancravigliano.it\/index.php\/2024\/09\/28\/avigliano-conferisce-la-cittadinanza-onoraria-al-reggimento\/","title":{"rendered":"Avigliano conferisce la Cittadinanza Onoraria al Reggimento"},"content":{"rendered":"\t\t<div data-elementor-type=\"wp-post\" data-elementor-id=\"2999\" class=\"elementor elementor-2999\">\n\t\t\t\t<div class=\"elementor-element elementor-element-6ba2d5bb e-flex e-con-boxed e-con e-parent\" data-id=\"6ba2d5bb\" data-element_type=\"container\" data-e-type=\"container\">\n\t\t\t\t\t<div class=\"e-con-inner\">\n\t\t\t\t<div class=\"elementor-element elementor-element-1cacd85a elementor-widget elementor-widget-text-editor\" data-id=\"1cacd85a\" data-element_type=\"widget\" data-e-type=\"widget\" data-widget_type=\"text-editor.default\">\n\t\t\t\t<div class=\"elementor-widget-container\">\n\t\t\t\t\t\t\t\t\t<h1>Avigliano conferisce la Cittadinanza Onoraria al Reggimento Cavalleggeri Guide (19\u00b0)<\/h1><figure><img decoding=\"async\" src=\"https:\/\/www.ancravigliano.it\/wp-content\/uploads\/2024\/09\/vlcsnap-2024-09-27-17h44m43s470.png\" alt=\"\" \/><\/figure><p>Cari membri e sostenitori dell&#8217;ANCR di Avigliano,<\/p><p>\u00c8 con grande orgoglio che condividiamo una notizia che onora la nostra citt\u00e0 e rafforza il legame tra la comunit\u00e0 civile e le nostre forze armate. Il 26 settembre 2024, il Consiglio Comunale di Avigliano ha conferito la cittadinanza onoraria al Reggimento Cavalleggeri Guide (19\u00b0) di stanza a Salerno.<\/p><h2>Un Riconoscimento Meritato<\/h2><p>Questa onorificenza \u00e8 il risultato di una collaborazione decennale tra il Reggimento e la nostra comunit\u00e0, iniziata nel 2014. Il Reggimento Cavalleggeri Guide (19\u00b0) si \u00e8 distinto per il suo impegno nell&#8217;ambito della cooperazione civile-militare, supportando la Missione UNIFIL in Libano e promuovendo i valori di pace, diritti umani e libert\u00e0.<\/p><h2>La Motivazione<\/h2><p>La motivazione ufficiale sottolinea come il Reggimento abbia:<\/p><blockquote><p>&#8220;instaurato un proficuo rapporto di collaborazione istituzionale con le Scuole, le Associazioni, le Parrocchie e la Municipalit\u00e0 di Avigliano, [&#8230;] veicolando segni efficaci di solidariet\u00e0 per la popolazione del distretto di Tiro (Libano del Sud) e offrendo occasioni concrete nell&#8217;impegno e nella riflessione sui valori della pace, dei diritti umani e della libert\u00e0.&#8221;<\/p><\/blockquote><h2>Un Ponte tra Avigliano e il Libano<\/h2><p>Questa collaborazione ha permesso di trasferire i valori della nostra comunit\u00e0 aviglianese nella &#8220;Terra dei Cedri&#8221;, rendendo Avigliano un punto di riferimento etico nell&#8217;azione di supporto alla pace. Il riconoscimento assume un significato ancora pi\u00f9 profondo considerando che diversi militari del Reggimento sono attualmente impiegati sotto l&#8217;egida dell&#8217;ONU proprio nella regione meridionale del Libano.<\/p><h2>Un Reggimento di Prestigio<\/h2><p>Il Reggimento Cavalleggeri Guide (19\u00b0) vanta una storia illustre di impieghi in operazioni nazionali e internazionali. Il suo Stendardo \u00e8 decorato con numerose onorificenze, tra cui una Medaglia d&#8217;Oro al Valor dell&#8217;Esercito, testimonianza del coraggio e della dedizione dei suoi membri.<\/p><h2>Un Momento di Unione<\/h2><figure><img decoding=\"async\" src=\"https:\/\/www.ancravigliano.it\/wp-content\/uploads\/2024\/09\/vlcsnap-2024-09-27-17h45m03s035.png\" alt=\"\" \/><\/figure><p>\u00a0<\/p><p>Alla cerimonia hanno partecipato il Comandante del Reggimento, Colonnello Nicola Iovino, il Cappellano Militare Don Claudio Mancusi, una rappresentanza del Reparto e i Carabinieri dei Comandi Stazione di Avigliano e Lagopesole, sottolineando l&#8217;importanza di questo momento per tutta la comunit\u00e0.<\/p><p>Come Associazione Nazionale Combattenti e Reduci, siamo particolarmente orgogliosi di questo riconoscimento. Esso non solo onora il servizio e il sacrificio dei militari, ma rafforza anche il legame tra le generazioni passate e presenti di coloro che hanno servito la patria.<\/p><p>Invitiamo tutti i nostri membri e la cittadinanza a riflettere sul significato profondo di questo gesto e a continuare a supportare le iniziative che promuovono la pace e la cooperazione internazionale.<\/p><p>Viva l&#8217;Italia, viva Avigliano, viva il Reggimento Cavalleggeri Guide (19\u00b0)!<\/p><p>Il Direttivo ANCR Avigliano<\/p><div>\u00a0<\/div><div>\u00a0<\/div>\t\t\t\t\t\t\t\t<\/div>\n\t\t\t\t<\/div>\n\t\t\t\t\t<\/div>\n\t\t\t\t<\/div>\n\t\t\t\t<\/div>\n\t\t","protected":false},"excerpt":{"rendered":"<p>Avigliano conferisce la Cittadinanza Onoraria al Reggimento Cavalleggeri Guide (19\u00b0) Cari membri e sostenitori dell&#8217;ANCR di Avigliano, \u00c8 con grande orgoglio che condividiamo una notizia che onora la nostra citt\u00e0 e rafforza il legame tra la comunit\u00e0 civile e le nostre forze armate. Il 26 settembre 2024, il Consiglio Comunale di Avigliano ha conferito la [&hellip;]<\/p>\n","protected":false},"author":1,"featured_media":2997,"comment_status":"closed","ping_status":"open","sticky":true,"template":"","format":"standard","meta":{"_jetpack_memberships_contains_paid_content":false,"footnotes":"","jetpack_publicize_message":"","jetpack_publicize_feature_enabled":true,"jetpack_social_post_already_shared":true,"jetpack_social_options":{"image_generator_settings":{"template":"highway","default_image_id":0,"font":"","enabled":false},"version":2}},"categories":[58],"tags":[],"post_folder":[],"class_list":["post-2999","post","type-post","status-publish","format-standard","has-post-thumbnail","hentry","category-ancr-avigliano"],"blocksy_meta":[],"jetpack_publicize_connections":[],"jetpack_featured_media_url":"https:\/\/www.ancravigliano.it\/wp-content\/uploads\/2024\/09\/vlcsnap-2024-09-27-17h44m43s470.png","jetpack_sharing_enabled":true,"jetpack_likes_enabled":true,"_links":{"self":[{"href":"https:\/\/www.ancravigliano.it\/index.php\/wp-json\/wp\/v2\/posts\/2999","targetHints":{"allow":["GET"]}}],"collection":[{"href":"https:\/\/www.ancravigliano.it\/index.php\/wp-json\/wp\/v2\/posts"}],"about":[{"href":"https:\/\/www.ancravigliano.it\/index.php\/wp-json\/wp\/v2\/types\/post"}],"author":[{"embeddable":true,"href":"https:\/\/www.ancravigliano.it\/index.php\/wp-json\/wp\/v2\/users\/1"}],"replies":[{"embeddable":true,"href":"https:\/\/www.ancravigliano.it\/index.php\/wp-json\/wp\/v2\/comments?post=2999"}],"version-history":[{"count":4,"href":"https:\/\/www.ancravigliano.it\/index.php\/wp-json\/wp\/v2\/posts\/2999\/revisions"}],"predecessor-version":[{"id":3003,"href":"https:\/\/www.ancravigliano.it\/index.php\/wp-json\/wp\/v2\/posts\/2999\/revisions\/3003"}],"wp:featuredmedia":[{"embeddable":true,"href":"https:\/\/www.ancravigliano.it\/index.php\/wp-json\/wp\/v2\/media\/2997"}],"wp:attachment":[{"href":"https:\/\/www.ancravigliano.it\/index.php\/wp-json\/wp\/v2\/media?parent=2999"}],"wp:term":[{"taxonomy":"category","embeddable":true,"href":"https:\/\/www.ancravigliano.it\/index.php\/wp-json\/wp\/v2\/categories?post=2999"},{"taxonomy":"post_tag","embeddable":true,"href":"https:\/\/www.ancravigliano.it\/index.php\/wp-json\/wp\/v2\/tags?post=2999"},{"taxonomy":"post_folder","embeddable":true,"href":"https:\/\/www.ancravigliano.it\/index.php\/wp-json\/wp\/v2\/post_folder?post=2999"}],"curies":[{"name":"wp","href":"https:\/\/api.w.org\/{rel}","templated":true}]}}