{"id":3656,"date":"2025-06-01T12:36:47","date_gmt":"2025-06-01T10:36:47","guid":{"rendered":"https:\/\/www.ancravigliano.it\/?p=3656"},"modified":"2025-06-01T12:38:26","modified_gmt":"2025-06-01T10:38:26","slug":"preservare-la-memoria-e-guardare-al-futuro-le-parole-del-prof-rocco-galasso","status":"publish","type":"post","link":"https:\/\/www.ancravigliano.it\/index.php\/2025\/06\/01\/preservare-la-memoria-e-guardare-al-futuro-le-parole-del-prof-rocco-galasso\/","title":{"rendered":"Preservare la Memoria e Guardare al Futuro Le Parole del Prof. Rocco Galasso"},"content":{"rendered":"\t\t<div data-elementor-type=\"wp-post\" data-elementor-id=\"3656\" class=\"elementor elementor-3656\">\n\t\t\t\t<div class=\"elementor-element elementor-element-2611f066 e-flex e-con-boxed e-con e-parent\" data-id=\"2611f066\" data-element_type=\"container\" data-e-type=\"container\">\n\t\t\t\t\t<div class=\"e-con-inner\">\n\t\t\t\t<div class=\"elementor-element elementor-element-126e6a9 elementor-widget elementor-widget-heading\" data-id=\"126e6a9\" data-element_type=\"widget\" data-e-type=\"widget\" data-widget_type=\"heading.default\">\n\t\t\t\t<div class=\"elementor-widget-container\">\n\t\t\t\t\t<h2 class=\"elementor-heading-title elementor-size-default\">Preservare la Memoria e Guardare al Futuro: Le Parole del Prof. Rocco Galasso<\/h2>\t\t\t\t<\/div>\n\t\t\t\t<\/div>\n\t\t<div class=\"elementor-element elementor-element-b0a93e5 e-con-full e-flex e-con e-child\" data-id=\"b0a93e5\" data-element_type=\"container\" data-e-type=\"container\">\n\t\t\t\t<div class=\"elementor-element elementor-element-2987d8f elementor-widget__width-initial elementor-widget elementor-widget-image\" data-id=\"2987d8f\" data-element_type=\"widget\" data-e-type=\"widget\" data-widget_type=\"image.default\">\n\t\t\t\t<div class=\"elementor-widget-container\">\n\t\t\t\t\t\t\t\t\t\t\t\t\t\t\t\t<a href=\"https:\/\/www.ancravigliano.it\/wp-content\/uploads\/2025\/06\/Articolo-Preiscopio-Prof.-ROcco-Galasso.jpeg\" data-elementor-open-lightbox=\"yes\" data-elementor-lightbox-title=\"Articolo Preiscopio - Prof. ROcco Galasso\" data-e-action-hash=\"#elementor-action%3Aaction%3Dlightbox%26settings%3DeyJpZCI6MzY1NSwidXJsIjoiaHR0cHM6XC9cL3d3dy5hbmNyYXZpZ2xpYW5vLml0XC93cC1jb250ZW50XC91cGxvYWRzXC8yMDI1XC8wNlwvQXJ0aWNvbG8tUHJlaXNjb3Bpby1Qcm9mLi1ST2Njby1HYWxhc3NvLmpwZWcifQ%3D%3D\">\n\t\t\t\t\t\t\t<img fetchpriority=\"high\" decoding=\"async\" width=\"674\" height=\"1024\" src=\"https:\/\/www.ancravigliano.it\/wp-content\/uploads\/2025\/06\/Articolo-Preiscopio-Prof.-ROcco-Galasso-674x1024.jpeg\" class=\"attachment-large size-large wp-image-3655\" alt=\"\" srcset=\"https:\/\/www.ancravigliano.it\/wp-content\/uploads\/2025\/06\/Articolo-Preiscopio-Prof.-ROcco-Galasso-674x1024.jpeg 674w, https:\/\/www.ancravigliano.it\/wp-content\/uploads\/2025\/06\/Articolo-Preiscopio-Prof.-ROcco-Galasso-197x300.jpeg 197w, https:\/\/www.ancravigliano.it\/wp-content\/uploads\/2025\/06\/Articolo-Preiscopio-Prof.-ROcco-Galasso-768x1168.jpeg 768w, https:\/\/www.ancravigliano.it\/wp-content\/uploads\/2025\/06\/Articolo-Preiscopio-Prof.-ROcco-Galasso-1010x1536.jpeg 1010w, https:\/\/www.ancravigliano.it\/wp-content\/uploads\/2025\/06\/Articolo-Preiscopio-Prof.-ROcco-Galasso.jpeg 1284w\" sizes=\"(max-width: 674px) 100vw, 674px\" \/>\t\t\t\t\t\t\t\t<\/a>\n\t\t\t\t\t\t\t\t\t\t\t\t\t\t\t<\/div>\n\t\t\t\t<\/div>\n\t\t\t\t<div class=\"elementor-element elementor-element-35017da8 elementor-widget elementor-widget-text-editor\" data-id=\"35017da8\" data-element_type=\"widget\" data-e-type=\"widget\" data-widget_type=\"text-editor.default\">\n\t\t\t\t<div class=\"elementor-widget-container\">\n\t\t\t\t\t\t\t\t\t<figure><\/figure><p><strong>Preservare la Memoria e Guardare al Futuro: Le Parole del Prof. Rocco Galasso<\/strong><\/p><p>La nostra Sezione &#8220;Bartolo Gianturco&#8221; di Avigliano (PZ) \u00e8 parte integrante dell&#8217;Associazione Nazionale Combattenti e Reduci (ANCR). L&#8217;ANCR \u00e8 nata nel 1919 come Associazione Nazionale Combattenti e si \u00e8 fusa nel 1947 con l&#8217;Associazione Nazionale Reduci. Oggi, l&#8217;ANCR \u00e8 un ente morale di diritto privato e un&#8217;associazione apolitica e apartitica, con l&#8217;obiettivo primario di rappresentare e tutelare gli interessi materiali e morali dei combattenti e dei reduci di guerra iscritti. Negli anni, lo statuto si \u00e8 evoluto, ammettendo come soci anche congiunti, figli, nipoti e discendenti degli ex combattenti, familiari dei Caduti, e chiunque condivida gli ideali e gli scopi associativi.<\/p><p>Abbiamo avuto modo di approfondire la missione e le sfide attuali dell&#8217;ANCR attraverso le parole del Professor Rocco Galasso, Presidente della Federazione provinciale di Matera-Potenza. In un&#8217;intervista, il Professor Galasso, che \u00e8 il primo presidente non combattente della Federazione provinciale, ha sottolineato il significato del suo ruolo. Ha definito l&#8217;incarico un &#8220;onore e una responsabilit\u00e0&#8221;, riconoscendo la profonda storia dell&#8217;Associazione, nata da uomini che hanno vissuto le guerre mondiali.<\/p><p>Oggi, in un contesto profondamente cambiato rispetto alle origini dell&#8217;ANCR, il ruolo dell&#8217;Associazione \u00e8 duplice. Non si tratta pi\u00f9 di celebrare la guerra, ma di <strong>custodire la memoria dei caduti e dei reduci e, fondamentale, trasmettere alle nuove generazioni l&#8217;importanza della pace, dell&#8217;identit\u00e0 nazionale e del rispetto per le istituzioni democratiche<\/strong>. L&#8217;Associazione si propone di promuovere un messaggio di pace, solidariet\u00e0 e coesione nazionale.<\/p><p>La memoria storica, secondo il Professor Galasso, \u00e8 essenziale: <strong>&#8220;Senza memoria non c&#8217;\u00e8 futuro&#8221;<\/strong>. Mantenere viva questa memoria \u00e8 definito un dovere civico. Per assolvere a questo compito, l&#8217;ANCR, e in particolare la Federazione provinciale Matera-Potenza di cui facciamo parte, \u00e8 attiva sul territorio. In Basilicata, l&#8217;Associazione conta ancora numeri significativi, con circa <strong>500 soci attivi distribuiti in dieci sezioni<\/strong>. Questo testimonia l&#8217;impegno di una comunit\u00e0 che non dimentica. Le sezioni sono in fase di rinnovamento dei consigli, in vista dell&#8217;importante congresso provinciale previsto al termine dell&#8217;estate.<\/p><p>Un punto chiave dell&#8217;attivit\u00e0 attuale \u00e8 il <strong>rapporto con le nuove generazioni<\/strong>. Vengono organizzati incontri con le scuole ed eventi commemorativi e culturali che pongono al centro i temi della memoria e della costruzione del futuro. Questi valori di sacrificio, onore e servizio al Paese devono essere vissuti, capiti e portati avanti da chi guider\u00e0 il Paese domani.<\/p><p>L&#8217;Associazione mantiene inoltre un forte legame con le Forze Armate e con le Forze dell&#8217;Ordine, considerate garanti delle libert\u00e0 dei cittadini. Questo legame, unito al lavoro educativo nelle scuole, rafforza il radicamento dell&#8217;Associazione nel territorio.<\/p><p>Dalla nostra sede di Avigliano, situata in un luogo ancora da definire, e attraverso i nostri contatti (<a class=\"autolink\" href=\"mailto:info@ancravigliano.it\">info@ancravigliano.it<\/a>, chat Telegram e Whatsapp), partecipiamo attivamente alla vita associativa. Sul nostro sito e nei notiziari, trovate informazioni sugli eventi e sulle iniziative che promuoviamo. Recentemente, ad esempio, abbiamo partecipato alla ricostituzione della Sezione ANCR di Pisticci. Altri eventi includono la Giornata del Ricordo, iniziative legate al Monumento ai Caduti di Avigliano, e la partecipazione a cerimonie in localit\u00e0 vicine come San Giorgio di Pietragalla.<\/p><p>Il Presidente Galasso ha espresso la sua intenzione di riproporsi alla guida della federazione, con l&#8217;obiettivo di dare nuovo slancio all&#8217;attivit\u00e0 associativa. Il progetto comune \u00e8 chiaro: <strong>ricordare, educare, e guardare al futuro con radici salde nel passato<\/strong>.<\/p><p>Come ha ribadito il Professor Galasso, l&#8217;invito a tutti, specialmente ai giovani, \u00e8 a guardare con interesse alla nostra storia. L&#8217;ANCR, attraverso le sue sezioni come la nostra ad Avigliano, continua a rappresentare un presidio di valori fondamentali, onorando il sacrificio dei combattenti e preservando la memoria per le generazioni future.<\/p><p>Unisciti a noi! Onora il sacrificio dei combattenti. Preserva la memoria.<\/p>\t\t\t\t\t\t\t\t<\/div>\n\t\t\t\t<\/div>\n\t\t\t\t<\/div>\n\t\t\t\t\t<\/div>\n\t\t\t\t<\/div>\n\t\t<div class=\"elementor-element elementor-element-291b3e45 e-flex e-con-boxed e-con e-parent\" data-id=\"291b3e45\" data-element_type=\"container\" data-e-type=\"container\" data-settings=\"{&quot;background_background&quot;:&quot;classic&quot;}\">\n\t\t\t\t\t<div class=\"e-con-inner\">\n\t\t<div class=\"elementor-element elementor-element-7e8349bd e-con-full e-flex e-con e-child\" data-id=\"7e8349bd\" data-element_type=\"container\" data-e-type=\"container\">\n\t\t\t\t<div class=\"elementor-element elementor-element-4b608d9e elementor-widget elementor-widget-image\" data-id=\"4b608d9e\" data-element_type=\"widget\" data-e-type=\"widget\" data-widget_type=\"image.default\">\n\t\t\t\t<div class=\"elementor-widget-container\">\n\t\t\t\t\t\t\t\t\t\t\t\t\t\t\t\t<a href=\"https:\/\/www.ancravigliano.it\/wp-content\/uploads\/2024\/02\/Campagna-iscrizione-2024.jpg\" data-elementor-open-lightbox=\"yes\" data-e-action-hash=\"#elementor-action%3Aaction%3Dlightbox%26settings%3DeyJpZCI6MjczNSwidXJsIjpmYWxzZX0%3D\">\n\t\t\t\t\t\t\t<img decoding=\"async\" src=\"https:\/\/www.ancravigliano.it\/wp-content\/uploads\/2024\/02\/Campagna-iscrizione-2024.jpg\" title=\"\" alt=\"\" loading=\"lazy\" \/>\t\t\t\t\t\t\t\t<\/a>\n\t\t\t\t\t\t\t\t\t\t\t\t\t\t\t<\/div>\n\t\t\t\t<\/div>\n\t\t\t\t<\/div>\n\t\t<div class=\"elementor-element elementor-element-1f37e300 e-con-full e-flex e-con e-child\" data-id=\"1f37e300\" data-element_type=\"container\" data-e-type=\"container\">\n\t\t\t\t<div class=\"elementor-element elementor-element-59c5413c elementor-widget elementor-widget-heading\" data-id=\"59c5413c\" data-element_type=\"widget\" data-e-type=\"widget\" data-widget_type=\"heading.default\">\n\t\t\t\t<div class=\"elementor-widget-container\">\n\t\t\t\t\t<h2 class=\"elementor-heading-title elementor-size-default\">Iscriviti all'ANCR<\/h2>\t\t\t\t<\/div>\n\t\t\t\t<\/div>\n\t\t\t\t<div class=\"elementor-element elementor-element-30582412 elementor-widget elementor-widget-text-editor\" data-id=\"30582412\" data-element_type=\"widget\" data-e-type=\"widget\" data-widget_type=\"text-editor.default\">\n\t\t\t\t<div class=\"elementor-widget-container\">\n\t\t\t\t\t\t\t\t\t<p data-sourcepos=\"3:1-3:73\">Onora il sacrificio dei combattenti. Preserva la memoria. Unisciti a noi!<\/p>\n<p data-sourcepos=\"5:1-5:4\"><strong>ANCR Avigliano<\/strong><\/p>\t\t\t\t\t\t\t\t<\/div>\n\t\t\t\t<\/div>\n\t\t\t\t<div class=\"elementor-element elementor-element-38430305 elementor-widget elementor-widget-text-editor\" data-id=\"38430305\" data-element_type=\"widget\" data-e-type=\"widget\" data-widget_type=\"text-editor.default\">\n\t\t\t\t<div class=\"elementor-widget-container\">\n\t\t\t\t\t\t\t\t\t<p style=\"text-align: right;\">Il Presidente<\/p>\t\t\t\t\t\t\t\t<\/div>\n\t\t\t\t<\/div>\n\t\t\t\t<div class=\"elementor-element elementor-element-68eb6f0d content-align-cta-default elementor-widget elementor-widget-eael-cta-box\" data-id=\"68eb6f0d\" data-element_type=\"widget\" data-e-type=\"widget\" data-widget_type=\"eael-cta-box.default\">\n\t\t\t\t<div class=\"elementor-widget-container\">\n\t\t\t\t\t\t\t<div class=\"eael-call-to-action cta-basic bg-img cta-preset-1\">\n        <h2 class=\"title eael-cta-heading\">Iscriviti All'ANCR<\/h2><a href=\"https:\/\/www.ancravigliano.it\/index.php\/iscriviti\/\" class=\"cta-button cta-preset-1  \">Compila il form<\/a>\t<\/div>\n\t\t\t\t\t\t\t\t<\/div>\n\t\t\t\t<\/div>\n\t\t\t\t<\/div>\n\t\t\t\t\t<\/div>\n\t\t\t\t<\/div>\n\t\t\t\t<\/div>\n\t\t","protected":false},"excerpt":{"rendered":"<p>Vi invitiamo a leggere l&#8217;intervista al Professor Rocco Galasso, Presidente della Federazione provinciale dell&#8217;Associazione Nazionale Combattenti e Reduci. Una conversazione profonda sul significato del suo ruolo, sulle sfide attuali dell&#8217;Associazione e sull&#8217;importanza fondamentale di custodire la memoria storica per costruire il futuro. Scoprite il ruolo vitale dell&#8217;ANCR oggi, i progetti per le nuove generazioni, e la presenza dell&#8217;Associazione nel nostro territorio. Unisciti a noi nel mantenere viva la storia e i valori che hanno plasmato la nostra identit\u00e0. Leggi l&#8217;articolo completo sul nostro blog.<\/p>\n","protected":false},"author":1,"featured_media":3655,"comment_status":"closed","ping_status":"open","sticky":false,"template":"","format":"standard","meta":{"_jetpack_memberships_contains_paid_content":false,"footnotes":"","jetpack_publicize_message":"","jetpack_publicize_feature_enabled":true,"jetpack_social_post_already_shared":true,"jetpack_social_options":{"image_generator_settings":{"template":"highway","default_image_id":0,"font":"","enabled":false},"version":2}},"categories":[58,59,88,76],"tags":[87],"post_folder":[],"class_list":["post-3656","post","type-post","status-publish","format-standard","has-post-thumbnail","hentry","category-ancr-avigliano","category-ancr-federazione-matera-e-potenza","category-stampa","category-tendenza","tag-articoli-stampa"],"blocksy_meta":[],"jetpack_publicize_connections":[],"jetpack_featured_media_url":"https:\/\/www.ancravigliano.it\/wp-content\/uploads\/2025\/06\/Articolo-Preiscopio-Prof.-ROcco-Galasso.jpeg","jetpack_sharing_enabled":true,"jetpack_likes_enabled":true,"_links":{"self":[{"href":"https:\/\/www.ancravigliano.it\/index.php\/wp-json\/wp\/v2\/posts\/3656","targetHints":{"allow":["GET"]}}],"collection":[{"href":"https:\/\/www.ancravigliano.it\/index.php\/wp-json\/wp\/v2\/posts"}],"about":[{"href":"https:\/\/www.ancravigliano.it\/index.php\/wp-json\/wp\/v2\/types\/post"}],"author":[{"embeddable":true,"href":"https:\/\/www.ancravigliano.it\/index.php\/wp-json\/wp\/v2\/users\/1"}],"replies":[{"embeddable":true,"href":"https:\/\/www.ancravigliano.it\/index.php\/wp-json\/wp\/v2\/comments?post=3656"}],"version-history":[{"count":13,"href":"https:\/\/www.ancravigliano.it\/index.php\/wp-json\/wp\/v2\/posts\/3656\/revisions"}],"predecessor-version":[{"id":3669,"href":"https:\/\/www.ancravigliano.it\/index.php\/wp-json\/wp\/v2\/posts\/3656\/revisions\/3669"}],"wp:featuredmedia":[{"embeddable":true,"href":"https:\/\/www.ancravigliano.it\/index.php\/wp-json\/wp\/v2\/media\/3655"}],"wp:attachment":[{"href":"https:\/\/www.ancravigliano.it\/index.php\/wp-json\/wp\/v2\/media?parent=3656"}],"wp:term":[{"taxonomy":"category","embeddable":true,"href":"https:\/\/www.ancravigliano.it\/index.php\/wp-json\/wp\/v2\/categories?post=3656"},{"taxonomy":"post_tag","embeddable":true,"href":"https:\/\/www.ancravigliano.it\/index.php\/wp-json\/wp\/v2\/tags?post=3656"},{"taxonomy":"post_folder","embeddable":true,"href":"https:\/\/www.ancravigliano.it\/index.php\/wp-json\/wp\/v2\/post_folder?post=3656"}],"curies":[{"name":"wp","href":"https:\/\/api.w.org\/{rel}","templated":true}]}}