{"id":3711,"date":"2025-09-13T17:18:46","date_gmt":"2025-09-13T15:18:46","guid":{"rendered":"https:\/\/www.ancravigliano.it\/?p=3711"},"modified":"2025-09-13T17:32:27","modified_gmt":"2025-09-13T15:32:27","slug":"ancr-potenza-matera-rocco-galasso-confermato-alla-presidenza-per-il-quadriennio-2025-20291","status":"publish","type":"post","link":"https:\/\/www.ancravigliano.it\/index.php\/2025\/09\/13\/ancr-potenza-matera-rocco-galasso-confermato-alla-presidenza-per-il-quadriennio-2025-20291\/","title":{"rendered":"ANCR Potenza-Matera Rocco Galasso confermato alla presidenza per il quadriennio 2025-20291"},"content":{"rendered":"\t\t<div data-elementor-type=\"wp-post\" data-elementor-id=\"3711\" class=\"elementor elementor-3711\">\n\t\t\t\t<div class=\"elementor-element elementor-element-1ee75aac e-flex e-con-boxed e-con e-parent\" data-id=\"1ee75aac\" data-element_type=\"container\" data-e-type=\"container\">\n\t\t\t\t\t<div class=\"e-con-inner\">\n\t\t\t\t<div class=\"elementor-element elementor-element-8e60b51 elementor-widget elementor-widget-heading\" data-id=\"8e60b51\" data-element_type=\"widget\" data-e-type=\"widget\" data-widget_type=\"heading.default\">\n\t\t\t\t<div class=\"elementor-widget-container\">\n\t\t\t\t\t<h2 class=\"elementor-heading-title elementor-size-default\">ANCR Potenza-Matera: Rocco Galasso confermato alla presidenza per il quadriennio 2025-2029<\/h2>\t\t\t\t<\/div>\n\t\t\t\t<\/div>\n\t\t\t\t<div class=\"elementor-element elementor-element-70f8e25 elementor-widget elementor-widget-image\" data-id=\"70f8e25\" data-element_type=\"widget\" data-e-type=\"widget\" data-widget_type=\"image.default\">\n\t\t\t\t<div class=\"elementor-widget-container\">\n\t\t\t\t\t\t\t\t\t\t\t\t\t\t\t<img fetchpriority=\"high\" decoding=\"async\" width=\"1024\" height=\"683\" src=\"https:\/\/www.ancravigliano.it\/wp-content\/uploads\/2025\/09\/ANCR-PZ-MT-Congresso-2025-29-63-1024x683.jpg\" class=\"attachment-large size-large wp-image-3710\" alt=\"\" srcset=\"https:\/\/www.ancravigliano.it\/wp-content\/uploads\/2025\/09\/ANCR-PZ-MT-Congresso-2025-29-63-1024x683.jpg 1024w, https:\/\/www.ancravigliano.it\/wp-content\/uploads\/2025\/09\/ANCR-PZ-MT-Congresso-2025-29-63-300x200.jpg 300w, https:\/\/www.ancravigliano.it\/wp-content\/uploads\/2025\/09\/ANCR-PZ-MT-Congresso-2025-29-63-768x512.jpg 768w, https:\/\/www.ancravigliano.it\/wp-content\/uploads\/2025\/09\/ANCR-PZ-MT-Congresso-2025-29-63-1536x1024.jpg 1536w, https:\/\/www.ancravigliano.it\/wp-content\/uploads\/2025\/09\/ANCR-PZ-MT-Congresso-2025-29-63.jpg 2048w\" sizes=\"(max-width: 1024px) 100vw, 1024px\" \/>\t\t\t\t\t\t\t\t\t\t\t\t\t\t\t<\/div>\n\t\t\t\t<\/div>\n\t\t\t\t<div class=\"elementor-element elementor-element-24187ef2 elementor-widget elementor-widget-text-editor\" data-id=\"24187ef2\" data-element_type=\"widget\" data-e-type=\"widget\" data-widget_type=\"text-editor.default\">\n\t\t\t\t<div class=\"elementor-widget-container\">\n\t\t\t\t\t\t\t\t\t<p class=\"whitespace-normal break-words\"><strong>Rocco GALASSO<\/strong> \u00e8 stato riconfermato alla guida della Federazione ANCR di Potenza-Matera per i prossimi quattro anni. L&#8217;elezione \u00e8 avvenuta durante l&#8217;assemblea congressuale che si \u00e8 tenuta oggi presso la sede della sezione ANCR di Potenza, con la partecipazione di tutte le dieci sezioni del territorio: Acerenza, Avigliano, Bernalda, Genzano di Lucania, Matera, Pisticci, Potenza, Ruoti, Rionero in Vulture e Tramutola.<\/p><p class=\"whitespace-normal break-words\">La nuova squadra dirigenziale vede accanto a Galasso il vicepresidente Bartolomeo SANTORO, mentre il consiglio direttivo sar\u00e0 composto da Nicola MARCANTONIO, Roberto DRAGONE, Antonio BRUSCELLA e Raffaella LAPETINA. La segreteria \u00e8 stata affidata a Francesco Giovanni GHILARDI.<\/p><p class=\"whitespace-normal break-words\">Per gli organi di controllo e garanzia, il collegio dei garanti vedr\u00e0 la presenza di Michele PINTO, Vito MASIELLO e Mariateresa MASIELLO, mentre il collegio sindacale sar\u00e0 formato da Giuseppe CARUSO, Giovanni MARINO e Claudia FAMULARO.<\/p><h2 class=\"text-xl font-bold text-text-100 mt-1 -mb-0.5\">Un programma incentrato su territorio e giovani<\/h2><p class=\"whitespace-normal break-words\">La giornata congressuale si \u00e8 aperta secondo la tradizione con l&#8217;esecuzione dell&#8217;inno nazionale e la preghiera del combattente. Galasso, che ha presieduto i lavori, ha delineato le priorit\u00e0 del mandato che si apre, ponendo l&#8217;accento su tre obiettivi strategici.<\/p><p class=\"whitespace-normal break-words\">Al centro del programma quadriennale c&#8217;\u00e8 innanzitutto il rafforzamento del rapporto con le sezioni periferiche attraverso incontri mirati sui territori. Parallelamente, la federazione punter\u00e0 sulla promozione di eventi culturali in grado di sensibilizzare le comunit\u00e0 locali sui valori della Resistenza e della memoria storica.<\/p><p class=\"whitespace-normal break-words\">Ma l&#8217;elemento pi\u00f9 innovativo riguarda il coinvolgimento delle nuove generazioni. &#8220;Le sezioni non possono limitarsi ad essere attive solo nelle date simboliche del 25 aprile, 2 giugno e 4 novembre&#8221;, ha sottolineato il presidente. L&#8217;obiettivo \u00e8 valorizzare il ricco patrimonio culturale dell&#8217;associazione attraverso iniziative continuative, serate tematiche e soprattutto un maggiore ingresso nelle scuole per dialogare direttamente con i giovani.<\/p><h2 class=\"text-xl font-bold text-text-100 mt-1 -mb-0.5\">Primo storico: due donne alla guida delle sezioni<\/h2><p class=\"whitespace-normal break-words\">Nel suo intervento, Galasso ha inoltre posto l&#8217;accento su un traguardo storico per l&#8217;ANCR lucana: per la prima volta in Basilicata due donne sono state elette presidenti di sezione. Si tratta di Claudia FAMULARO, nuova presidente della sezione di Ruoti, e Raffaella LAPETINA, che guider\u00e0 la sezione di Tramutola &#8211; tra l&#8217;altro le due sezioni con il maggior numero di iscritti della federazione. Un segnale importante di rinnovamento e apertura che testimonia l&#8217;evoluzione dell&#8217;associazione verso una maggiore rappresentanza femminile negli organismi dirigenti.<\/p><p class=\"whitespace-normal break-words\">La lista proposta da Galasso ha ottenuto il voto unanime delle dieci sezioni presenti, confermando la fiducia nell&#8217;esperienza maturata dal gruppo dirigente e nelle linee programmatiche presentate per il quadriennio 2025-2029.<\/p>\t\t\t\t\t\t\t\t<\/div>\n\t\t\t\t<\/div>\n\t\t\t\t<div class=\"elementor-element elementor-element-f2cb02e elementor-widget elementor-widget-image\" data-id=\"f2cb02e\" data-element_type=\"widget\" data-e-type=\"widget\" data-widget_type=\"image.default\">\n\t\t\t\t<div class=\"elementor-widget-container\">\n\t\t\t\t\t\t\t\t\t\t\t\t\t\t\t\t<a href=\"https:\/\/www.ancravigliano.it\/wp-content\/uploads\/2025\/09\/VERBALE-PROCLAMAZIONE-ELETTI-ALLEGATO-D1-senza-dati-sensibili.jpg\" data-elementor-open-lightbox=\"yes\" data-elementor-lightbox-title=\"VERBALE-PROCLAMAZIONE-ELETTI-ALLEGATO-D1-senza-dati-sensibili\" data-e-action-hash=\"#elementor-action%3Aaction%3Dlightbox%26settings%3DeyJpZCI6MzcxMywidXJsIjoiaHR0cHM6XC9cL3d3dy5hbmNyYXZpZ2xpYW5vLml0XC93cC1jb250ZW50XC91cGxvYWRzXC8yMDI1XC8wOVwvVkVSQkFMRS1QUk9DTEFNQVpJT05FLUVMRVRUSS1BTExFR0FUTy1EMS1zZW56YS1kYXRpLXNlbnNpYmlsaS5qcGcifQ%3D%3D\">\n\t\t\t\t\t\t\t<img decoding=\"async\" width=\"724\" height=\"1024\" src=\"https:\/\/www.ancravigliano.it\/wp-content\/uploads\/2025\/09\/VERBALE-PROCLAMAZIONE-ELETTI-ALLEGATO-D1-senza-dati-sensibili-724x1024.jpg\" class=\"attachment-large size-large wp-image-3713\" alt=\"\" srcset=\"https:\/\/www.ancravigliano.it\/wp-content\/uploads\/2025\/09\/VERBALE-PROCLAMAZIONE-ELETTI-ALLEGATO-D1-senza-dati-sensibili-724x1024.jpg 724w, https:\/\/www.ancravigliano.it\/wp-content\/uploads\/2025\/09\/VERBALE-PROCLAMAZIONE-ELETTI-ALLEGATO-D1-senza-dati-sensibili-212x300.jpg 212w, https:\/\/www.ancravigliano.it\/wp-content\/uploads\/2025\/09\/VERBALE-PROCLAMAZIONE-ELETTI-ALLEGATO-D1-senza-dati-sensibili-768x1086.jpg 768w, https:\/\/www.ancravigliano.it\/wp-content\/uploads\/2025\/09\/VERBALE-PROCLAMAZIONE-ELETTI-ALLEGATO-D1-senza-dati-sensibili-1086x1536.jpg 1086w, https:\/\/www.ancravigliano.it\/wp-content\/uploads\/2025\/09\/VERBALE-PROCLAMAZIONE-ELETTI-ALLEGATO-D1-senza-dati-sensibili-1448x2048.jpg 1448w, https:\/\/www.ancravigliano.it\/wp-content\/uploads\/2025\/09\/VERBALE-PROCLAMAZIONE-ELETTI-ALLEGATO-D1-senza-dati-sensibili.jpg 1654w\" sizes=\"(max-width: 724px) 100vw, 724px\" \/>\t\t\t\t\t\t\t\t<\/a>\n\t\t\t\t\t\t\t\t\t\t\t\t\t\t\t<\/div>\n\t\t\t\t<\/div>\n\t\t\t\t\t<\/div>\n\t\t\t\t<\/div>\n\t\t\t\t<\/div>\n\t\t","protected":false},"excerpt":{"rendered":"<p>ANCR Potenza-Matera: Rocco Galasso confermato alla presidenza per il quadriennio 2025-2029 &lt;img width=&#8221;1024&#8243; height=&#8221;683&#8243; src=&#8221;https:\/\/www.ancravigliano.it\/wp-content\/uploads\/2025\/09\/ANCR-PZ-MT-Congresso-2025-29-63-1024&#215;683.jpg&#8221; alt=&#8221;&#8221; srcset=&#8221;https:\/\/www.ancravigliano.it\/wp-content\/uploads\/2025\/09\/ANCR-PZ-MT-Congresso-2025-29-63-1024&#215;683.jpg 1024w, https:\/\/www.ancravigliano.it\/wp-content\/uploads\/2025\/09\/ANCR-PZ-MT-Congresso-2025-29-63-300&#215;200.jpg 300w, https:\/\/www.ancravigliano.it\/wp-content\/uploads\/2025\/09\/ANCR-PZ-MT-Congresso-2025-29-63-768&#215;512.jpg 768w, https:\/\/www.ancravigliano.it\/wp-content\/uploads\/2025\/09\/ANCR-PZ-MT-Congresso-2025-29-63-1536&#215;1024.jpg 1536w, https:\/\/www.ancravigliano.it\/wp-content\/uploads\/2025\/09\/ANCR-PZ-MT-Congresso-2025-29-63.jpg 2048w&#8221; sizes=&#8221;(max-width: 1024px) 100vw, 1024px&#8221; \/&gt; &lt;strong&gt;Rocco GALASSO&lt;\/strong&gt; \u00e8 stato riconfermato alla guida della Federazione ANCR di Potenza-Matera per i prossimi quattro anni. L&#8217;elezione \u00e8 avvenuta durante l&#8217;assemblea congressuale che [&hellip;]<\/p>\n","protected":false},"author":1,"featured_media":3710,"comment_status":"closed","ping_status":"open","sticky":false,"template":"","format":"standard","meta":{"_jetpack_memberships_contains_paid_content":false,"footnotes":"","jetpack_publicize_message":"","jetpack_publicize_feature_enabled":true,"jetpack_social_post_already_shared":true,"jetpack_social_options":{"image_generator_settings":{"template":"highway","default_image_id":0,"font":"","enabled":false},"version":2}},"categories":[58],"tags":[],"post_folder":[],"class_list":["post-3711","post","type-post","status-publish","format-standard","has-post-thumbnail","hentry","category-ancr-avigliano"],"blocksy_meta":[],"jetpack_publicize_connections":[],"jetpack_featured_media_url":"https:\/\/www.ancravigliano.it\/wp-content\/uploads\/2025\/09\/ANCR-PZ-MT-Congresso-2025-29-63.jpg","jetpack_sharing_enabled":true,"jetpack_likes_enabled":true,"_links":{"self":[{"href":"https:\/\/www.ancravigliano.it\/index.php\/wp-json\/wp\/v2\/posts\/3711","targetHints":{"allow":["GET"]}}],"collection":[{"href":"https:\/\/www.ancravigliano.it\/index.php\/wp-json\/wp\/v2\/posts"}],"about":[{"href":"https:\/\/www.ancravigliano.it\/index.php\/wp-json\/wp\/v2\/types\/post"}],"author":[{"embeddable":true,"href":"https:\/\/www.ancravigliano.it\/index.php\/wp-json\/wp\/v2\/users\/1"}],"replies":[{"embeddable":true,"href":"https:\/\/www.ancravigliano.it\/index.php\/wp-json\/wp\/v2\/comments?post=3711"}],"version-history":[{"count":10,"href":"https:\/\/www.ancravigliano.it\/index.php\/wp-json\/wp\/v2\/posts\/3711\/revisions"}],"predecessor-version":[{"id":3722,"href":"https:\/\/www.ancravigliano.it\/index.php\/wp-json\/wp\/v2\/posts\/3711\/revisions\/3722"}],"wp:featuredmedia":[{"embeddable":true,"href":"https:\/\/www.ancravigliano.it\/index.php\/wp-json\/wp\/v2\/media\/3710"}],"wp:attachment":[{"href":"https:\/\/www.ancravigliano.it\/index.php\/wp-json\/wp\/v2\/media?parent=3711"}],"wp:term":[{"taxonomy":"category","embeddable":true,"href":"https:\/\/www.ancravigliano.it\/index.php\/wp-json\/wp\/v2\/categories?post=3711"},{"taxonomy":"post_tag","embeddable":true,"href":"https:\/\/www.ancravigliano.it\/index.php\/wp-json\/wp\/v2\/tags?post=3711"},{"taxonomy":"post_folder","embeddable":true,"href":"https:\/\/www.ancravigliano.it\/index.php\/wp-json\/wp\/v2\/post_folder?post=3711"}],"curies":[{"name":"wp","href":"https:\/\/api.w.org\/{rel}","templated":true}]}}